{"id":1337,"date":"2022-12-04T10:52:20","date_gmt":"2022-12-04T13:52:20","guid":{"rendered":"https:\/\/museologiavirtual.tech\/porumasociedadeantirracista\/?p=1337"},"modified":"2022-12-04T11:41:41","modified_gmt":"2022-12-04T14:41:41","slug":"laboratorio-de-desenvolvimento-de-exposicoes-ladex","status":"publish","type":"post","link":"https:\/\/museologiavirtual.tech\/porumasociedadeantirracista\/?p=1337","title":{"rendered":"Laborat\u00f3rio de Desenvolvimento de Exposi\u00e7\u00f5es &#8211; LADEX"},"content":{"rendered":"\r\n<div id=\"right\">\r\n<div class=\"portletStaticText portlet-static-portais\">\r\n<ul>\r\n<li>\r\n<h1 id=\"parent-fieldname-title\" class=\"documentFirstHeading\">Laborat\u00f3rio de Desenvolvimento de Exposi\u00e7\u00f5es &#8211; LADEX<\/h1>\r\n<div id=\"viewlet-below-content-title\">\u00a0<\/div>\r\n<div id=\"viewlet-above-content-body\">\u00a0<\/div>\r\n<div id=\"content-core\">\r\n<div id=\"parent-fieldname-text-6b29b098955f44ccbbb03510615466b9\" class=\"\">\r\n<p><a class=\"internal-link\" title=\"\" href=\"http:\/\/www.unirio.br\/cch\/museologia\/ladex-01\" target=\"_blank\" rel=\"noopener\"><img decoding=\"async\" class=\"image-inline\" title=\"ladex 01\" src=\"http:\/\/www.unirio.br\/cch\/museologia\/ladex-01\/@@images\/92624eb3-e0e3-4389-a0f6-07c723c3825a.jpeg\" alt=\"ladex 01\" \/><\/a>\u00a0 \u00a0 \u00a0 \u00a0\u00a0<a class=\"internal-link\" title=\"\" href=\"http:\/\/www.unirio.br\/cch\/museologia\/ladex-1\" target=\"_self\" rel=\"noopener\"><img decoding=\"async\" class=\"image-inline\" title=\"ladex\" src=\"http:\/\/www.unirio.br\/cch\/museologia\/ladex-1\/@@images\/349de0db-9c8f-446e-9512-fb552600625c.jpeg\" alt=\"ladex\" \/><\/a><\/p>\r\n<p style=\"text-align: justify;\">Laborat\u00f3rio de Desenvolvimento de Exposi\u00e7\u00f5es &#8211; LADEX\u00a0<br \/><br \/>A import\u00e2ncia dos estudos e das pr\u00e1ticas museogr\u00e1ficas, num momento de grande desenvolvimento do campo museol\u00f3gico e de cria\u00e7\u00e3o de novos museus, coloca-se como mais um desafio para a forma\u00e7\u00e3o acad\u00eamica do muse\u00f3logo. A Escola de Museologia da Universidade Federal do Estado do Rio de Janeiro \u2013 UNIRIO, que absorveu o Curso de Museus do Museu Hist\u00f3rico Nacional \/ MHN, criado em 1932, vem, por mais de 80 anos, formando muse\u00f3logos na cidade do Rio de Janeiro.\u00a0<br \/><br \/>O Laborat\u00f3rio de Desenvolvimento de Exposi\u00e7\u00f5es Museol\u00f3gicas (LADEX), ligado ao Curso de Museologia, \u00e9 um espa\u00e7o que\u00a0oferece a seus discentes a qualifica\u00e7\u00e3o t\u00e9cnica e um ambiente prop\u00edcio \u00e0 realiza\u00e7\u00e3o de projetos expogr\u00e1ficos, contemplando tanto aulas te\u00f3ricas, relativas ao desenvolvimento das narrativas expositivas, quanto exerc\u00edcios pr\u00e1ticos no campo da comunica\u00e7\u00e3o museol\u00f3gica.\u00a0<br \/><br \/>Duas disciplinas fundamentais s\u00e3o ministradas no LADEX: Museologia e Comunica\u00e7\u00e3o III (sexto per\u00edodo do Curso de Museologia) cujo conte\u00fado comp\u00f5e-se de uma parte te\u00f3rica, que trabalha o desenvolvimento do processo curatorial \u2013 e todos os\u00a0procedimentos t\u00e9cnicos e cient\u00edficos relacionados \u00e0 interpreta\u00e7\u00e3o do acervo exposto. A\u00a0estrutura\u00e7\u00e3o do circuito expositivo, a utiliza\u00e7\u00e3o adequada de cores, a cria\u00e7\u00e3o do conte\u00fado dos textos, os efeitos de ilumina\u00e7\u00e3o, as pr\u00e1ticas cenogr\u00e1ficas,\u00a0designer gr\u00e1fico e divulga\u00e7\u00e3o,\u00a0confec\u00e7\u00e3o de plantas e maquetes da exposi\u00e7\u00e3o, s\u00e3o elementos desenvolvidos em fun\u00e7\u00e3o da valoriza\u00e7\u00e3o da narrativa e do acervo exposto. Todo esse conte\u00fado ser\u00e1 colocado em pr\u00e1tica durante a elabora\u00e7\u00e3o das Exposi\u00e7\u00f5es Curriculares, desenvolvidas pela disciplina Museologia e Comunica\u00e7\u00e3o IV, no semestre subsequente.<br \/><br \/>A disciplina Museologia e Comunica\u00e7\u00e3o IV, ministrada no s\u00e9timo per\u00edodo do Curso, \u00e9 respons\u00e1vel pelo desenvolvimento da Exposi\u00e7\u00e3o Curricular, sendo aberta semestralmente ao p\u00fablico interno e externo no Espa\u00e7o Cultural do Centro de Ci\u00eancias Humanas e Sociais (CCH). \u00a0O LADEX consiste, assim, num espa\u00e7o acad\u00eamico din\u00e2mico e criativo, que proporciona o desenvolvimento das compet\u00eancias relacionadas \u00e0 pr\u00e1tica de elabora\u00e7\u00e3o do projeto e de execu\u00e7\u00e3o de uma exposi\u00e7\u00e3o museol\u00f3gica, sintonizadas com refer\u00eancias e par\u00e2metros internacionais da \u00e1rea da expografia e com as tend\u00eancias est\u00e9ticas e comunicacionais contempor\u00e2neas.<br \/><br \/>Helena Cunha de Uzeda<br \/>Professora Associada da Escola de Museologia\u00a0<br \/>Coordenadora do Ladex &#8211; UNIRIO<\/p>\r\n<\/div>\r\n<\/div>\r\n<\/li>\r\n<\/ul>\r\n<\/div>\r\n<\/div>\r\n","protected":false},"excerpt":{"rendered":"<p>Laborat\u00f3rio de Desenvolvimento de Exposi\u00e7\u00f5es &#8211; LADEX \u00a0 \u00a0 \u00a0 \u00a0 \u00a0 \u00a0\u00a0 Laborat\u00f3rio de Desenvolvimento de Exposi\u00e7\u00f5es &#8211; LADEX\u00a0 A import\u00e2ncia dos estudos e das pr\u00e1ticas museogr\u00e1ficas, num momento de grande desenvolvimento do campo museol\u00f3gico e de cria\u00e7\u00e3o de novos museus, coloca-se como mais um desafio para a forma\u00e7\u00e3o acad\u00eamica do muse\u00f3logo. A Escola [&hellip;]<\/p>\n","protected":false},"author":1,"featured_media":1335,"comment_status":"open","ping_status":"open","sticky":false,"template":"","format":"standard","meta":{"footnotes":""},"categories":[1],"tags":[15,14,13],"class_list":["post-1337","post","type-post","status-publish","format-standard","has-post-thumbnail","hentry","category-geral","tag-ladex","tag-museologia","tag-unirio"],"yoast_head":"<!-- This site is optimized with the Yoast SEO Premium plugin v20.1 (Yoast SEO v27.5) - https:\/\/yoast.com\/product\/yoast-seo-premium-wordpress\/ -->\n<title>Laborat\u00f3rio de Desenvolvimento de Exposi\u00e7\u00f5es - LADEX - Por uma sociedade antirracista<\/title>\n<meta name=\"robots\" content=\"index, follow, max-snippet:-1, max-image-preview:large, max-video-preview:-1\" \/>\n<link rel=\"canonical\" href=\"https:\/\/museologiavirtual.tech\/porumasociedadeantirracista\/?p=1337\" \/>\n<meta property=\"og:locale\" content=\"pt_BR\" \/>\n<meta property=\"og:type\" content=\"article\" \/>\n<meta property=\"og:title\" content=\"Laborat\u00f3rio de Desenvolvimento de Exposi\u00e7\u00f5es - LADEX\" \/>\n<meta property=\"og:description\" content=\"Laborat\u00f3rio de Desenvolvimento de Exposi\u00e7\u00f5es &#8211; LADEX \u00a0 \u00a0 \u00a0 \u00a0 \u00a0 \u00a0\u00a0 Laborat\u00f3rio de Desenvolvimento de Exposi\u00e7\u00f5es &#8211; LADEX\u00a0 A import\u00e2ncia dos estudos e das pr\u00e1ticas museogr\u00e1ficas, num momento de grande desenvolvimento do campo museol\u00f3gico e de cria\u00e7\u00e3o de novos museus, coloca-se como mais um desafio para a forma\u00e7\u00e3o acad\u00eamica do muse\u00f3logo. A Escola [&hellip;]\" \/>\n<meta property=\"og:url\" content=\"https:\/\/museologiavirtual.tech\/porumasociedadeantirracista\/?p=1337\" \/>\n<meta property=\"og:site_name\" content=\"Por uma sociedade antirracista\" \/>\n<meta property=\"article:publisher\" content=\"https:\/\/www.facebook.com\/EscoladeMuseologiaUnirio\/\" \/>\n<meta property=\"article:published_time\" content=\"2022-12-04T13:52:20+00:00\" \/>\n<meta property=\"article:modified_time\" content=\"2022-12-04T14:41:41+00:00\" \/>\n<meta property=\"og:image\" content=\"https:\/\/museologiavirtual.tech\/porumasociedadeantirracista\/wp-content\/uploads\/2022\/12\/78e47f4f-269d-41b1-a83b-3506bed53d22.jpeg\" \/>\n\t<meta property=\"og:image:width\" content=\"737\" \/>\n\t<meta property=\"og:image:height\" content=\"270\" \/>\n\t<meta property=\"og:image:type\" content=\"image\/jpeg\" \/>\n<meta name=\"author\" content=\"Magaldi\" \/>\n<meta name=\"twitter:card\" content=\"summary_large_image\" \/>\n<meta name=\"twitter:label1\" content=\"Escrito por\" \/>\n\t<meta name=\"twitter:data1\" content=\"Magaldi\" \/>\n\t<meta name=\"twitter:label2\" content=\"Est. tempo de leitura\" \/>\n\t<meta name=\"twitter:data2\" content=\"2 minutos\" \/>\n<script type=\"application\/ld+json\" class=\"yoast-schema-graph\">{\"@context\":\"https:\\\/\\\/schema.org\",\"@graph\":[{\"@type\":\"Article\",\"@id\":\"https:\\\/\\\/museologiavirtual.tech\\\/porumasociedadeantirracista\\\/?p=1337#article\",\"isPartOf\":{\"@id\":\"https:\\\/\\\/museologiavirtual.tech\\\/porumasociedadeantirracista\\\/?p=1337\"},\"author\":{\"name\":\"Magaldi\",\"@id\":\"https:\\\/\\\/museologiavirtual.tech\\\/porumasociedadeantirracista\\\/#\\\/schema\\\/person\\\/ce85d062061b13c3e1ddd35fc2b28b8d\"},\"headline\":\"Laborat\u00f3rio de Desenvolvimento de Exposi\u00e7\u00f5es &#8211; LADEX\",\"datePublished\":\"2022-12-04T13:52:20+00:00\",\"dateModified\":\"2022-12-04T14:41:41+00:00\",\"mainEntityOfPage\":{\"@id\":\"https:\\\/\\\/museologiavirtual.tech\\\/porumasociedadeantirracista\\\/?p=1337\"},\"wordCount\":434,\"commentCount\":0,\"publisher\":{\"@id\":\"https:\\\/\\\/museologiavirtual.tech\\\/porumasociedadeantirracista\\\/#organization\"},\"image\":{\"@id\":\"https:\\\/\\\/museologiavirtual.tech\\\/porumasociedadeantirracista\\\/?p=1337#primaryimage\"},\"thumbnailUrl\":\"https:\\\/\\\/museologiavirtual.tech\\\/porumasociedadeantirracista\\\/wp-content\\\/uploads\\\/2022\\\/12\\\/78e47f4f-269d-41b1-a83b-3506bed53d22.jpeg\",\"keywords\":[\"ladex\",\"museologia\",\"unirio\"],\"articleSection\":[\"Geral\"],\"inLanguage\":\"pt-BR\",\"potentialAction\":[{\"@type\":\"CommentAction\",\"name\":\"Comment\",\"target\":[\"https:\\\/\\\/museologiavirtual.tech\\\/porumasociedadeantirracista\\\/?p=1337#respond\"]}]},{\"@type\":\"WebPage\",\"@id\":\"https:\\\/\\\/museologiavirtual.tech\\\/porumasociedadeantirracista\\\/?p=1337\",\"url\":\"https:\\\/\\\/museologiavirtual.tech\\\/porumasociedadeantirracista\\\/?p=1337\",\"name\":\"Laborat\u00f3rio de Desenvolvimento de Exposi\u00e7\u00f5es - LADEX - Por uma sociedade antirracista\",\"isPartOf\":{\"@id\":\"https:\\\/\\\/museologiavirtual.tech\\\/porumasociedadeantirracista\\\/#website\"},\"primaryImageOfPage\":{\"@id\":\"https:\\\/\\\/museologiavirtual.tech\\\/porumasociedadeantirracista\\\/?p=1337#primaryimage\"},\"image\":{\"@id\":\"https:\\\/\\\/museologiavirtual.tech\\\/porumasociedadeantirracista\\\/?p=1337#primaryimage\"},\"thumbnailUrl\":\"https:\\\/\\\/museologiavirtual.tech\\\/porumasociedadeantirracista\\\/wp-content\\\/uploads\\\/2022\\\/12\\\/78e47f4f-269d-41b1-a83b-3506bed53d22.jpeg\",\"datePublished\":\"2022-12-04T13:52:20+00:00\",\"dateModified\":\"2022-12-04T14:41:41+00:00\",\"breadcrumb\":{\"@id\":\"https:\\\/\\\/museologiavirtual.tech\\\/porumasociedadeantirracista\\\/?p=1337#breadcrumb\"},\"inLanguage\":\"pt-BR\",\"potentialAction\":[{\"@type\":\"ReadAction\",\"target\":[\"https:\\\/\\\/museologiavirtual.tech\\\/porumasociedadeantirracista\\\/?p=1337\"]}]},{\"@type\":\"ImageObject\",\"inLanguage\":\"pt-BR\",\"@id\":\"https:\\\/\\\/museologiavirtual.tech\\\/porumasociedadeantirracista\\\/?p=1337#primaryimage\",\"url\":\"https:\\\/\\\/museologiavirtual.tech\\\/porumasociedadeantirracista\\\/wp-content\\\/uploads\\\/2022\\\/12\\\/78e47f4f-269d-41b1-a83b-3506bed53d22.jpeg\",\"contentUrl\":\"https:\\\/\\\/museologiavirtual.tech\\\/porumasociedadeantirracista\\\/wp-content\\\/uploads\\\/2022\\\/12\\\/78e47f4f-269d-41b1-a83b-3506bed53d22.jpeg\",\"width\":737,\"height\":270},{\"@type\":\"BreadcrumbList\",\"@id\":\"https:\\\/\\\/museologiavirtual.tech\\\/porumasociedadeantirracista\\\/?p=1337#breadcrumb\",\"itemListElement\":[{\"@type\":\"ListItem\",\"position\":1,\"name\":\"Home\",\"item\":\"https:\\\/\\\/museologiavirtual.tech\\\/porumasociedadeantirracista\\\/\"},{\"@type\":\"ListItem\",\"position\":2,\"name\":\"Laborat\u00f3rio de Desenvolvimento de Exposi\u00e7\u00f5es &#8211; LADEX\"}]},{\"@type\":\"WebSite\",\"@id\":\"https:\\\/\\\/museologiavirtual.tech\\\/porumasociedadeantirracista\\\/#website\",\"url\":\"https:\\\/\\\/museologiavirtual.tech\\\/porumasociedadeantirracista\\\/\",\"name\":\"Escola de Museologia Unirio\",\"description\":\"Museologia - Unirio\",\"publisher\":{\"@id\":\"https:\\\/\\\/museologiavirtual.tech\\\/porumasociedadeantirracista\\\/#organization\"},\"potentialAction\":[{\"@type\":\"SearchAction\",\"target\":{\"@type\":\"EntryPoint\",\"urlTemplate\":\"https:\\\/\\\/museologiavirtual.tech\\\/porumasociedadeantirracista\\\/?s={search_term_string}\"},\"query-input\":{\"@type\":\"PropertyValueSpecification\",\"valueRequired\":true,\"valueName\":\"search_term_string\"}}],\"inLanguage\":\"pt-BR\"},{\"@type\":\"Organization\",\"@id\":\"https:\\\/\\\/museologiavirtual.tech\\\/porumasociedadeantirracista\\\/#organization\",\"name\":\"Escola de Museologia Unirio\",\"url\":\"https:\\\/\\\/museologiavirtual.tech\\\/porumasociedadeantirracista\\\/\",\"logo\":{\"@type\":\"ImageObject\",\"inLanguage\":\"pt-BR\",\"@id\":\"https:\\\/\\\/museologiavirtual.tech\\\/porumasociedadeantirracista\\\/#\\\/schema\\\/logo\\\/image\\\/\",\"url\":\"https:\\\/\\\/museologiavirtual.tech\\\/porumasociedadeantirracista\\\/wp-content\\\/uploads\\\/2023\\\/12\\\/unirio.png\",\"contentUrl\":\"https:\\\/\\\/museologiavirtual.tech\\\/porumasociedadeantirracista\\\/wp-content\\\/uploads\\\/2023\\\/12\\\/unirio.png\",\"width\":2206,\"height\":2156,\"caption\":\"Escola de Museologia Unirio\"},\"image\":{\"@id\":\"https:\\\/\\\/museologiavirtual.tech\\\/porumasociedadeantirracista\\\/#\\\/schema\\\/logo\\\/image\\\/\"},\"sameAs\":[\"https:\\\/\\\/www.facebook.com\\\/EscoladeMuseologiaUnirio\\\/\"]},{\"@type\":\"Person\",\"@id\":\"https:\\\/\\\/museologiavirtual.tech\\\/porumasociedadeantirracista\\\/#\\\/schema\\\/person\\\/ce85d062061b13c3e1ddd35fc2b28b8d\",\"name\":\"Magaldi\",\"image\":{\"@type\":\"ImageObject\",\"inLanguage\":\"pt-BR\",\"@id\":\"https:\\\/\\\/secure.gravatar.com\\\/avatar\\\/7e8edc21537d5fff0c9933d55b9841c857ee09359ff4e38dbc3cdc056e5031e6?s=96&d=mm&r=g\",\"url\":\"https:\\\/\\\/secure.gravatar.com\\\/avatar\\\/7e8edc21537d5fff0c9933d55b9841c857ee09359ff4e38dbc3cdc056e5031e6?s=96&d=mm&r=g\",\"contentUrl\":\"https:\\\/\\\/secure.gravatar.com\\\/avatar\\\/7e8edc21537d5fff0c9933d55b9841c857ee09359ff4e38dbc3cdc056e5031e6?s=96&d=mm&r=g\",\"caption\":\"Magaldi\"},\"sameAs\":[\"https:\\\/\\\/museologiavirtual.tech\\\/porumasociedadeantirracista\"],\"url\":\"https:\\\/\\\/museologiavirtual.tech\\\/porumasociedadeantirracista\\\/?author=1\"}]}<\/script>\n<!-- \/ Yoast SEO Premium plugin. -->","yoast_head_json":{"title":"Laborat\u00f3rio de Desenvolvimento de Exposi\u00e7\u00f5es - LADEX - Por uma sociedade antirracista","robots":{"index":"index","follow":"follow","max-snippet":"max-snippet:-1","max-image-preview":"max-image-preview:large","max-video-preview":"max-video-preview:-1"},"canonical":"https:\/\/museologiavirtual.tech\/porumasociedadeantirracista\/?p=1337","og_locale":"pt_BR","og_type":"article","og_title":"Laborat\u00f3rio de Desenvolvimento de Exposi\u00e7\u00f5es - LADEX","og_description":"Laborat\u00f3rio de Desenvolvimento de Exposi\u00e7\u00f5es &#8211; LADEX \u00a0 \u00a0 \u00a0 \u00a0 \u00a0 \u00a0\u00a0 Laborat\u00f3rio de Desenvolvimento de Exposi\u00e7\u00f5es &#8211; LADEX\u00a0 A import\u00e2ncia dos estudos e das pr\u00e1ticas museogr\u00e1ficas, num momento de grande desenvolvimento do campo museol\u00f3gico e de cria\u00e7\u00e3o de novos museus, coloca-se como mais um desafio para a forma\u00e7\u00e3o acad\u00eamica do muse\u00f3logo. A Escola [&hellip;]","og_url":"https:\/\/museologiavirtual.tech\/porumasociedadeantirracista\/?p=1337","og_site_name":"Por uma sociedade antirracista","article_publisher":"https:\/\/www.facebook.com\/EscoladeMuseologiaUnirio\/","article_published_time":"2022-12-04T13:52:20+00:00","article_modified_time":"2022-12-04T14:41:41+00:00","og_image":[{"width":737,"height":270,"url":"https:\/\/museologiavirtual.tech\/porumasociedadeantirracista\/wp-content\/uploads\/2022\/12\/78e47f4f-269d-41b1-a83b-3506bed53d22.jpeg","type":"image\/jpeg"}],"author":"Magaldi","twitter_card":"summary_large_image","twitter_misc":{"Escrito por":"Magaldi","Est. tempo de leitura":"2 minutos"},"schema":{"@context":"https:\/\/schema.org","@graph":[{"@type":"Article","@id":"https:\/\/museologiavirtual.tech\/porumasociedadeantirracista\/?p=1337#article","isPartOf":{"@id":"https:\/\/museologiavirtual.tech\/porumasociedadeantirracista\/?p=1337"},"author":{"name":"Magaldi","@id":"https:\/\/museologiavirtual.tech\/porumasociedadeantirracista\/#\/schema\/person\/ce85d062061b13c3e1ddd35fc2b28b8d"},"headline":"Laborat\u00f3rio de Desenvolvimento de Exposi\u00e7\u00f5es &#8211; LADEX","datePublished":"2022-12-04T13:52:20+00:00","dateModified":"2022-12-04T14:41:41+00:00","mainEntityOfPage":{"@id":"https:\/\/museologiavirtual.tech\/porumasociedadeantirracista\/?p=1337"},"wordCount":434,"commentCount":0,"publisher":{"@id":"https:\/\/museologiavirtual.tech\/porumasociedadeantirracista\/#organization"},"image":{"@id":"https:\/\/museologiavirtual.tech\/porumasociedadeantirracista\/?p=1337#primaryimage"},"thumbnailUrl":"https:\/\/museologiavirtual.tech\/porumasociedadeantirracista\/wp-content\/uploads\/2022\/12\/78e47f4f-269d-41b1-a83b-3506bed53d22.jpeg","keywords":["ladex","museologia","unirio"],"articleSection":["Geral"],"inLanguage":"pt-BR","potentialAction":[{"@type":"CommentAction","name":"Comment","target":["https:\/\/museologiavirtual.tech\/porumasociedadeantirracista\/?p=1337#respond"]}]},{"@type":"WebPage","@id":"https:\/\/museologiavirtual.tech\/porumasociedadeantirracista\/?p=1337","url":"https:\/\/museologiavirtual.tech\/porumasociedadeantirracista\/?p=1337","name":"Laborat\u00f3rio de Desenvolvimento de Exposi\u00e7\u00f5es - LADEX - Por uma sociedade antirracista","isPartOf":{"@id":"https:\/\/museologiavirtual.tech\/porumasociedadeantirracista\/#website"},"primaryImageOfPage":{"@id":"https:\/\/museologiavirtual.tech\/porumasociedadeantirracista\/?p=1337#primaryimage"},"image":{"@id":"https:\/\/museologiavirtual.tech\/porumasociedadeantirracista\/?p=1337#primaryimage"},"thumbnailUrl":"https:\/\/museologiavirtual.tech\/porumasociedadeantirracista\/wp-content\/uploads\/2022\/12\/78e47f4f-269d-41b1-a83b-3506bed53d22.jpeg","datePublished":"2022-12-04T13:52:20+00:00","dateModified":"2022-12-04T14:41:41+00:00","breadcrumb":{"@id":"https:\/\/museologiavirtual.tech\/porumasociedadeantirracista\/?p=1337#breadcrumb"},"inLanguage":"pt-BR","potentialAction":[{"@type":"ReadAction","target":["https:\/\/museologiavirtual.tech\/porumasociedadeantirracista\/?p=1337"]}]},{"@type":"ImageObject","inLanguage":"pt-BR","@id":"https:\/\/museologiavirtual.tech\/porumasociedadeantirracista\/?p=1337#primaryimage","url":"https:\/\/museologiavirtual.tech\/porumasociedadeantirracista\/wp-content\/uploads\/2022\/12\/78e47f4f-269d-41b1-a83b-3506bed53d22.jpeg","contentUrl":"https:\/\/museologiavirtual.tech\/porumasociedadeantirracista\/wp-content\/uploads\/2022\/12\/78e47f4f-269d-41b1-a83b-3506bed53d22.jpeg","width":737,"height":270},{"@type":"BreadcrumbList","@id":"https:\/\/museologiavirtual.tech\/porumasociedadeantirracista\/?p=1337#breadcrumb","itemListElement":[{"@type":"ListItem","position":1,"name":"Home","item":"https:\/\/museologiavirtual.tech\/porumasociedadeantirracista\/"},{"@type":"ListItem","position":2,"name":"Laborat\u00f3rio de Desenvolvimento de Exposi\u00e7\u00f5es &#8211; LADEX"}]},{"@type":"WebSite","@id":"https:\/\/museologiavirtual.tech\/porumasociedadeantirracista\/#website","url":"https:\/\/museologiavirtual.tech\/porumasociedadeantirracista\/","name":"Escola de Museologia Unirio","description":"Museologia - Unirio","publisher":{"@id":"https:\/\/museologiavirtual.tech\/porumasociedadeantirracista\/#organization"},"potentialAction":[{"@type":"SearchAction","target":{"@type":"EntryPoint","urlTemplate":"https:\/\/museologiavirtual.tech\/porumasociedadeantirracista\/?s={search_term_string}"},"query-input":{"@type":"PropertyValueSpecification","valueRequired":true,"valueName":"search_term_string"}}],"inLanguage":"pt-BR"},{"@type":"Organization","@id":"https:\/\/museologiavirtual.tech\/porumasociedadeantirracista\/#organization","name":"Escola de Museologia Unirio","url":"https:\/\/museologiavirtual.tech\/porumasociedadeantirracista\/","logo":{"@type":"ImageObject","inLanguage":"pt-BR","@id":"https:\/\/museologiavirtual.tech\/porumasociedadeantirracista\/#\/schema\/logo\/image\/","url":"https:\/\/museologiavirtual.tech\/porumasociedadeantirracista\/wp-content\/uploads\/2023\/12\/unirio.png","contentUrl":"https:\/\/museologiavirtual.tech\/porumasociedadeantirracista\/wp-content\/uploads\/2023\/12\/unirio.png","width":2206,"height":2156,"caption":"Escola de Museologia Unirio"},"image":{"@id":"https:\/\/museologiavirtual.tech\/porumasociedadeantirracista\/#\/schema\/logo\/image\/"},"sameAs":["https:\/\/www.facebook.com\/EscoladeMuseologiaUnirio\/"]},{"@type":"Person","@id":"https:\/\/museologiavirtual.tech\/porumasociedadeantirracista\/#\/schema\/person\/ce85d062061b13c3e1ddd35fc2b28b8d","name":"Magaldi","image":{"@type":"ImageObject","inLanguage":"pt-BR","@id":"https:\/\/secure.gravatar.com\/avatar\/7e8edc21537d5fff0c9933d55b9841c857ee09359ff4e38dbc3cdc056e5031e6?s=96&d=mm&r=g","url":"https:\/\/secure.gravatar.com\/avatar\/7e8edc21537d5fff0c9933d55b9841c857ee09359ff4e38dbc3cdc056e5031e6?s=96&d=mm&r=g","contentUrl":"https:\/\/secure.gravatar.com\/avatar\/7e8edc21537d5fff0c9933d55b9841c857ee09359ff4e38dbc3cdc056e5031e6?s=96&d=mm&r=g","caption":"Magaldi"},"sameAs":["https:\/\/museologiavirtual.tech\/porumasociedadeantirracista"],"url":"https:\/\/museologiavirtual.tech\/porumasociedadeantirracista\/?author=1"}]}},"_links":{"self":[{"href":"https:\/\/museologiavirtual.tech\/porumasociedadeantirracista\/index.php?rest_route=\/wp\/v2\/posts\/1337","targetHints":{"allow":["GET"]}}],"collection":[{"href":"https:\/\/museologiavirtual.tech\/porumasociedadeantirracista\/index.php?rest_route=\/wp\/v2\/posts"}],"about":[{"href":"https:\/\/museologiavirtual.tech\/porumasociedadeantirracista\/index.php?rest_route=\/wp\/v2\/types\/post"}],"author":[{"embeddable":true,"href":"https:\/\/museologiavirtual.tech\/porumasociedadeantirracista\/index.php?rest_route=\/wp\/v2\/users\/1"}],"replies":[{"embeddable":true,"href":"https:\/\/museologiavirtual.tech\/porumasociedadeantirracista\/index.php?rest_route=%2Fwp%2Fv2%2Fcomments&post=1337"}],"version-history":[{"count":1,"href":"https:\/\/museologiavirtual.tech\/porumasociedadeantirracista\/index.php?rest_route=\/wp\/v2\/posts\/1337\/revisions"}],"predecessor-version":[{"id":1338,"href":"https:\/\/museologiavirtual.tech\/porumasociedadeantirracista\/index.php?rest_route=\/wp\/v2\/posts\/1337\/revisions\/1338"}],"wp:featuredmedia":[{"embeddable":true,"href":"https:\/\/museologiavirtual.tech\/porumasociedadeantirracista\/index.php?rest_route=\/wp\/v2\/media\/1335"}],"wp:attachment":[{"href":"https:\/\/museologiavirtual.tech\/porumasociedadeantirracista\/index.php?rest_route=%2Fwp%2Fv2%2Fmedia&parent=1337"}],"wp:term":[{"taxonomy":"category","embeddable":true,"href":"https:\/\/museologiavirtual.tech\/porumasociedadeantirracista\/index.php?rest_route=%2Fwp%2Fv2%2Fcategories&post=1337"},{"taxonomy":"post_tag","embeddable":true,"href":"https:\/\/museologiavirtual.tech\/porumasociedadeantirracista\/index.php?rest_route=%2Fwp%2Fv2%2Ftags&post=1337"}],"curies":[{"name":"wp","href":"https:\/\/api.w.org\/{rel}","templated":true}]}}