{"id":1334,"date":"2022-12-04T10:51:45","date_gmt":"2022-12-04T13:51:45","guid":{"rendered":"https:\/\/museologiavirtual.tech\/porumasociedadeantirracista\/?p=1334"},"modified":"2022-12-04T10:51:45","modified_gmt":"2022-12-04T13:51:45","slug":"programa-de-pos-graduacao-em-museologia-e-patrimonio","status":"publish","type":"post","link":"https:\/\/museologiavirtual.tech\/porumasociedadeantirracista\/?p=1334","title":{"rendered":"Programa de P\u00f3s-Gradua\u00e7\u00e3o em Museologia e Patrim\u00f4nio"},"content":{"rendered":"\r\n<div id=\"right\">\r\n<div class=\"portletStaticText portlet-static-portais\">\r\n<ul>\r\n<li>\r\n<h2><strong>ENANCIB 2022<\/strong><\/h2>\r\n<p><strong>PARAB\u00c9NS AOS TRABALHOS PREMIADOS\u00a0<\/strong><\/p>\r\n<p><strong><span class=\"visualHighlight\">PR\u00caMIO ANCIB GT 9 &#8211; BRUNO DA SILVA M. CURY\u00a0<\/span>\u00a0\u00a0 \u00a0 \u00a0 \u00a0 \u00a0&#8220;<\/strong><strong>Um breve olhar sobre o processo da Museologia na Funda\u00e7\u00e3o Oswaldo Cruz&#8221;<\/strong><\/p>\r\n<p><strong><span class=\"visualHighlight\">PR\u00caMIO ANCIB GT ESPECIAL &#8211; MARCELO CAVALCANTI DA SILVEIRA<\/span>\u00a0<\/strong>&#8220;Projetores de planet\u00e1rio: 100 anos de hist\u00f3ria e suas rela\u00e7\u00f5es com o patrim\u00f4nio de ci\u00eancia e tecnologia&#8221;<\/p>\r\n<p><strong><img fetchpriority=\"high\" decoding=\"async\" class=\"image-inline\" title=\"\" src=\"http:\/\/www.unirio.br\/ppg-pmus\/ENANCIB2022.jpg\" alt=\"\" width=\"329\" height=\"273\" \/><\/strong><\/p>\r\n<p class=\"callout\"><strong>DEFESA\u00a0 DE DISSERTA\u00c7\u00c3O<\/strong><\/p>\r\n<h3>\u00a0<\/h3>\r\n<h3>JOS\u00c9 ALBERTO GOMES SARAIVA<\/h3>\r\n<h3>Orientador: Bruno Brulon\u00a0<\/h3>\r\n<h3>Dia: 01.12.2022 \u00e0s 10h<\/h3>\r\n<h3>T\u00edtulo da Disserta\u00e7\u00e3o: &#8220;A biografia de um objeto: Atravessamentos \u2013 O caso do furto da imagem de S\u00e3o Miguel Arcanjo como uma experi\u00eancia social de musealiza\u00e7\u00e3o&#8221;<\/h3>\r\n<h3><strong>_____________________________________________________________________________________<\/strong><\/h3>\r\n<h3><strong>PARTICIPA\u00c7\u00c3O DO DOCENTE\u00a0<\/strong><\/h3>\r\n<h3><strong>PPG-PMUS JOSE ALBERTO PAIS EM EVENTO\u00a0 EM PORTUGAL\u00a0<\/strong><\/h3>\r\n<p><a class=\"internal-link\" title=\"\" href=\"http:\/\/www.unirio.br\/ppg-pmus\/copy_of_SDExoticsBirdsProgramme.pdf\" target=\"_blank\" rel=\"noopener\">veja a programa\u00e7\u00e3o<\/a><\/p>\r\n<\/li>\r\n<\/ul>\r\n<\/div>\r\n<\/div>\r\n","protected":false},"excerpt":{"rendered":"<p>ENANCIB 2022 PARAB\u00c9NS AOS TRABALHOS PREMIADOS\u00a0 PR\u00caMIO ANCIB GT 9 &#8211; BRUNO DA SILVA M. CURY\u00a0\u00a0\u00a0 \u00a0 \u00a0 \u00a0 \u00a0&#8220;Um breve olhar sobre o processo da Museologia na Funda\u00e7\u00e3o Oswaldo Cruz&#8221; PR\u00caMIO ANCIB GT ESPECIAL &#8211; MARCELO CAVALCANTI DA SILVEIRA\u00a0&#8220;Projetores de planet\u00e1rio: 100 anos de hist\u00f3ria e suas rela\u00e7\u00f5es com o patrim\u00f4nio de ci\u00eancia e [&hellip;]<\/p>\n","protected":false},"author":1,"featured_media":1335,"comment_status":"open","ping_status":"open","sticky":false,"template":"","format":"standard","meta":{"footnotes":""},"categories":[1],"tags":[],"class_list":["post-1334","post","type-post","status-publish","format-standard","has-post-thumbnail","hentry","category-geral"],"yoast_head":"<!-- This site is optimized with the Yoast SEO Premium plugin v20.1 (Yoast SEO v27.5) - https:\/\/yoast.com\/product\/yoast-seo-premium-wordpress\/ -->\n<title>Programa de P\u00f3s-Gradua\u00e7\u00e3o em Museologia e Patrim\u00f4nio - Por uma sociedade antirracista<\/title>\n<meta name=\"robots\" content=\"index, follow, max-snippet:-1, max-image-preview:large, max-video-preview:-1\" \/>\n<link rel=\"canonical\" href=\"https:\/\/museologiavirtual.tech\/porumasociedadeantirracista\/?p=1334\" \/>\n<meta property=\"og:locale\" content=\"pt_BR\" \/>\n<meta property=\"og:type\" content=\"article\" \/>\n<meta property=\"og:title\" content=\"Programa de P\u00f3s-Gradua\u00e7\u00e3o em Museologia e Patrim\u00f4nio\" \/>\n<meta property=\"og:description\" content=\"ENANCIB 2022 PARAB\u00c9NS AOS TRABALHOS PREMIADOS\u00a0 PR\u00caMIO ANCIB GT 9 &#8211; BRUNO DA SILVA M. CURY\u00a0\u00a0\u00a0 \u00a0 \u00a0 \u00a0 \u00a0&#8220;Um breve olhar sobre o processo da Museologia na Funda\u00e7\u00e3o Oswaldo Cruz&#8221; PR\u00caMIO ANCIB GT ESPECIAL &#8211; MARCELO CAVALCANTI DA SILVEIRA\u00a0&#8220;Projetores de planet\u00e1rio: 100 anos de hist\u00f3ria e suas rela\u00e7\u00f5es com o patrim\u00f4nio de ci\u00eancia e [&hellip;]\" \/>\n<meta property=\"og:url\" content=\"https:\/\/museologiavirtual.tech\/porumasociedadeantirracista\/?p=1334\" \/>\n<meta property=\"og:site_name\" content=\"Por uma sociedade antirracista\" \/>\n<meta property=\"article:publisher\" content=\"https:\/\/www.facebook.com\/EscoladeMuseologiaUnirio\/\" \/>\n<meta property=\"article:published_time\" content=\"2022-12-04T13:51:45+00:00\" \/>\n<meta property=\"og:image\" content=\"https:\/\/museologiavirtual.tech\/porumasociedadeantirracista\/wp-content\/uploads\/2022\/12\/78e47f4f-269d-41b1-a83b-3506bed53d22.jpeg\" \/>\n\t<meta property=\"og:image:width\" content=\"737\" \/>\n\t<meta property=\"og:image:height\" content=\"270\" \/>\n\t<meta property=\"og:image:type\" content=\"image\/jpeg\" \/>\n<meta name=\"author\" content=\"Magaldi\" \/>\n<meta name=\"twitter:card\" content=\"summary_large_image\" \/>\n<meta name=\"twitter:label1\" content=\"Escrito por\" \/>\n\t<meta name=\"twitter:data1\" content=\"Magaldi\" \/>\n\t<meta name=\"twitter:label2\" content=\"Est. tempo de leitura\" \/>\n\t<meta name=\"twitter:data2\" content=\"1 minuto\" \/>\n<script type=\"application\/ld+json\" class=\"yoast-schema-graph\">{\"@context\":\"https:\\\/\\\/schema.org\",\"@graph\":[{\"@type\":\"Article\",\"@id\":\"https:\\\/\\\/museologiavirtual.tech\\\/porumasociedadeantirracista\\\/?p=1334#article\",\"isPartOf\":{\"@id\":\"https:\\\/\\\/museologiavirtual.tech\\\/porumasociedadeantirracista\\\/?p=1334\"},\"author\":{\"name\":\"Magaldi\",\"@id\":\"https:\\\/\\\/museologiavirtual.tech\\\/porumasociedadeantirracista\\\/#\\\/schema\\\/person\\\/ce85d062061b13c3e1ddd35fc2b28b8d\"},\"headline\":\"Programa de P\u00f3s-Gradua\u00e7\u00e3o em Museologia e Patrim\u00f4nio\",\"datePublished\":\"2022-12-04T13:51:45+00:00\",\"mainEntityOfPage\":{\"@id\":\"https:\\\/\\\/museologiavirtual.tech\\\/porumasociedadeantirracista\\\/?p=1334\"},\"wordCount\":130,\"commentCount\":0,\"publisher\":{\"@id\":\"https:\\\/\\\/museologiavirtual.tech\\\/porumasociedadeantirracista\\\/#organization\"},\"image\":{\"@id\":\"https:\\\/\\\/museologiavirtual.tech\\\/porumasociedadeantirracista\\\/?p=1334#primaryimage\"},\"thumbnailUrl\":\"https:\\\/\\\/museologiavirtual.tech\\\/porumasociedadeantirracista\\\/wp-content\\\/uploads\\\/2022\\\/12\\\/78e47f4f-269d-41b1-a83b-3506bed53d22.jpeg\",\"articleSection\":[\"Geral\"],\"inLanguage\":\"pt-BR\",\"potentialAction\":[{\"@type\":\"CommentAction\",\"name\":\"Comment\",\"target\":[\"https:\\\/\\\/museologiavirtual.tech\\\/porumasociedadeantirracista\\\/?p=1334#respond\"]}]},{\"@type\":\"WebPage\",\"@id\":\"https:\\\/\\\/museologiavirtual.tech\\\/porumasociedadeantirracista\\\/?p=1334\",\"url\":\"https:\\\/\\\/museologiavirtual.tech\\\/porumasociedadeantirracista\\\/?p=1334\",\"name\":\"Programa de P\u00f3s-Gradua\u00e7\u00e3o em Museologia e Patrim\u00f4nio - Por uma sociedade antirracista\",\"isPartOf\":{\"@id\":\"https:\\\/\\\/museologiavirtual.tech\\\/porumasociedadeantirracista\\\/#website\"},\"primaryImageOfPage\":{\"@id\":\"https:\\\/\\\/museologiavirtual.tech\\\/porumasociedadeantirracista\\\/?p=1334#primaryimage\"},\"image\":{\"@id\":\"https:\\\/\\\/museologiavirtual.tech\\\/porumasociedadeantirracista\\\/?p=1334#primaryimage\"},\"thumbnailUrl\":\"https:\\\/\\\/museologiavirtual.tech\\\/porumasociedadeantirracista\\\/wp-content\\\/uploads\\\/2022\\\/12\\\/78e47f4f-269d-41b1-a83b-3506bed53d22.jpeg\",\"datePublished\":\"2022-12-04T13:51:45+00:00\",\"breadcrumb\":{\"@id\":\"https:\\\/\\\/museologiavirtual.tech\\\/porumasociedadeantirracista\\\/?p=1334#breadcrumb\"},\"inLanguage\":\"pt-BR\",\"potentialAction\":[{\"@type\":\"ReadAction\",\"target\":[\"https:\\\/\\\/museologiavirtual.tech\\\/porumasociedadeantirracista\\\/?p=1334\"]}]},{\"@type\":\"ImageObject\",\"inLanguage\":\"pt-BR\",\"@id\":\"https:\\\/\\\/museologiavirtual.tech\\\/porumasociedadeantirracista\\\/?p=1334#primaryimage\",\"url\":\"https:\\\/\\\/museologiavirtual.tech\\\/porumasociedadeantirracista\\\/wp-content\\\/uploads\\\/2022\\\/12\\\/78e47f4f-269d-41b1-a83b-3506bed53d22.jpeg\",\"contentUrl\":\"https:\\\/\\\/museologiavirtual.tech\\\/porumasociedadeantirracista\\\/wp-content\\\/uploads\\\/2022\\\/12\\\/78e47f4f-269d-41b1-a83b-3506bed53d22.jpeg\",\"width\":737,\"height\":270},{\"@type\":\"BreadcrumbList\",\"@id\":\"https:\\\/\\\/museologiavirtual.tech\\\/porumasociedadeantirracista\\\/?p=1334#breadcrumb\",\"itemListElement\":[{\"@type\":\"ListItem\",\"position\":1,\"name\":\"Home\",\"item\":\"https:\\\/\\\/museologiavirtual.tech\\\/porumasociedadeantirracista\\\/\"},{\"@type\":\"ListItem\",\"position\":2,\"name\":\"Programa de P\u00f3s-Gradua\u00e7\u00e3o em Museologia e Patrim\u00f4nio\"}]},{\"@type\":\"WebSite\",\"@id\":\"https:\\\/\\\/museologiavirtual.tech\\\/porumasociedadeantirracista\\\/#website\",\"url\":\"https:\\\/\\\/museologiavirtual.tech\\\/porumasociedadeantirracista\\\/\",\"name\":\"Escola de Museologia Unirio\",\"description\":\"Museologia - Unirio\",\"publisher\":{\"@id\":\"https:\\\/\\\/museologiavirtual.tech\\\/porumasociedadeantirracista\\\/#organization\"},\"potentialAction\":[{\"@type\":\"SearchAction\",\"target\":{\"@type\":\"EntryPoint\",\"urlTemplate\":\"https:\\\/\\\/museologiavirtual.tech\\\/porumasociedadeantirracista\\\/?s={search_term_string}\"},\"query-input\":{\"@type\":\"PropertyValueSpecification\",\"valueRequired\":true,\"valueName\":\"search_term_string\"}}],\"inLanguage\":\"pt-BR\"},{\"@type\":\"Organization\",\"@id\":\"https:\\\/\\\/museologiavirtual.tech\\\/porumasociedadeantirracista\\\/#organization\",\"name\":\"Escola de Museologia Unirio\",\"url\":\"https:\\\/\\\/museologiavirtual.tech\\\/porumasociedadeantirracista\\\/\",\"logo\":{\"@type\":\"ImageObject\",\"inLanguage\":\"pt-BR\",\"@id\":\"https:\\\/\\\/museologiavirtual.tech\\\/porumasociedadeantirracista\\\/#\\\/schema\\\/logo\\\/image\\\/\",\"url\":\"https:\\\/\\\/museologiavirtual.tech\\\/porumasociedadeantirracista\\\/wp-content\\\/uploads\\\/2023\\\/12\\\/unirio.png\",\"contentUrl\":\"https:\\\/\\\/museologiavirtual.tech\\\/porumasociedadeantirracista\\\/wp-content\\\/uploads\\\/2023\\\/12\\\/unirio.png\",\"width\":2206,\"height\":2156,\"caption\":\"Escola de Museologia Unirio\"},\"image\":{\"@id\":\"https:\\\/\\\/museologiavirtual.tech\\\/porumasociedadeantirracista\\\/#\\\/schema\\\/logo\\\/image\\\/\"},\"sameAs\":[\"https:\\\/\\\/www.facebook.com\\\/EscoladeMuseologiaUnirio\\\/\"]},{\"@type\":\"Person\",\"@id\":\"https:\\\/\\\/museologiavirtual.tech\\\/porumasociedadeantirracista\\\/#\\\/schema\\\/person\\\/ce85d062061b13c3e1ddd35fc2b28b8d\",\"name\":\"Magaldi\",\"image\":{\"@type\":\"ImageObject\",\"inLanguage\":\"pt-BR\",\"@id\":\"https:\\\/\\\/secure.gravatar.com\\\/avatar\\\/7e8edc21537d5fff0c9933d55b9841c857ee09359ff4e38dbc3cdc056e5031e6?s=96&d=mm&r=g\",\"url\":\"https:\\\/\\\/secure.gravatar.com\\\/avatar\\\/7e8edc21537d5fff0c9933d55b9841c857ee09359ff4e38dbc3cdc056e5031e6?s=96&d=mm&r=g\",\"contentUrl\":\"https:\\\/\\\/secure.gravatar.com\\\/avatar\\\/7e8edc21537d5fff0c9933d55b9841c857ee09359ff4e38dbc3cdc056e5031e6?s=96&d=mm&r=g\",\"caption\":\"Magaldi\"},\"sameAs\":[\"https:\\\/\\\/museologiavirtual.tech\\\/porumasociedadeantirracista\"],\"url\":\"https:\\\/\\\/museologiavirtual.tech\\\/porumasociedadeantirracista\\\/?author=1\"}]}<\/script>\n<!-- \/ Yoast SEO Premium plugin. -->","yoast_head_json":{"title":"Programa de P\u00f3s-Gradua\u00e7\u00e3o em Museologia e Patrim\u00f4nio - Por uma sociedade antirracista","robots":{"index":"index","follow":"follow","max-snippet":"max-snippet:-1","max-image-preview":"max-image-preview:large","max-video-preview":"max-video-preview:-1"},"canonical":"https:\/\/museologiavirtual.tech\/porumasociedadeantirracista\/?p=1334","og_locale":"pt_BR","og_type":"article","og_title":"Programa de P\u00f3s-Gradua\u00e7\u00e3o em Museologia e Patrim\u00f4nio","og_description":"ENANCIB 2022 PARAB\u00c9NS AOS TRABALHOS PREMIADOS\u00a0 PR\u00caMIO ANCIB GT 9 &#8211; BRUNO DA SILVA M. CURY\u00a0\u00a0\u00a0 \u00a0 \u00a0 \u00a0 \u00a0&#8220;Um breve olhar sobre o processo da Museologia na Funda\u00e7\u00e3o Oswaldo Cruz&#8221; PR\u00caMIO ANCIB GT ESPECIAL &#8211; MARCELO CAVALCANTI DA SILVEIRA\u00a0&#8220;Projetores de planet\u00e1rio: 100 anos de hist\u00f3ria e suas rela\u00e7\u00f5es com o patrim\u00f4nio de ci\u00eancia e [&hellip;]","og_url":"https:\/\/museologiavirtual.tech\/porumasociedadeantirracista\/?p=1334","og_site_name":"Por uma sociedade antirracista","article_publisher":"https:\/\/www.facebook.com\/EscoladeMuseologiaUnirio\/","article_published_time":"2022-12-04T13:51:45+00:00","og_image":[{"width":737,"height":270,"url":"https:\/\/museologiavirtual.tech\/porumasociedadeantirracista\/wp-content\/uploads\/2022\/12\/78e47f4f-269d-41b1-a83b-3506bed53d22.jpeg","type":"image\/jpeg"}],"author":"Magaldi","twitter_card":"summary_large_image","twitter_misc":{"Escrito por":"Magaldi","Est. tempo de leitura":"1 minuto"},"schema":{"@context":"https:\/\/schema.org","@graph":[{"@type":"Article","@id":"https:\/\/museologiavirtual.tech\/porumasociedadeantirracista\/?p=1334#article","isPartOf":{"@id":"https:\/\/museologiavirtual.tech\/porumasociedadeantirracista\/?p=1334"},"author":{"name":"Magaldi","@id":"https:\/\/museologiavirtual.tech\/porumasociedadeantirracista\/#\/schema\/person\/ce85d062061b13c3e1ddd35fc2b28b8d"},"headline":"Programa de P\u00f3s-Gradua\u00e7\u00e3o em Museologia e Patrim\u00f4nio","datePublished":"2022-12-04T13:51:45+00:00","mainEntityOfPage":{"@id":"https:\/\/museologiavirtual.tech\/porumasociedadeantirracista\/?p=1334"},"wordCount":130,"commentCount":0,"publisher":{"@id":"https:\/\/museologiavirtual.tech\/porumasociedadeantirracista\/#organization"},"image":{"@id":"https:\/\/museologiavirtual.tech\/porumasociedadeantirracista\/?p=1334#primaryimage"},"thumbnailUrl":"https:\/\/museologiavirtual.tech\/porumasociedadeantirracista\/wp-content\/uploads\/2022\/12\/78e47f4f-269d-41b1-a83b-3506bed53d22.jpeg","articleSection":["Geral"],"inLanguage":"pt-BR","potentialAction":[{"@type":"CommentAction","name":"Comment","target":["https:\/\/museologiavirtual.tech\/porumasociedadeantirracista\/?p=1334#respond"]}]},{"@type":"WebPage","@id":"https:\/\/museologiavirtual.tech\/porumasociedadeantirracista\/?p=1334","url":"https:\/\/museologiavirtual.tech\/porumasociedadeantirracista\/?p=1334","name":"Programa de P\u00f3s-Gradua\u00e7\u00e3o em Museologia e Patrim\u00f4nio - Por uma sociedade antirracista","isPartOf":{"@id":"https:\/\/museologiavirtual.tech\/porumasociedadeantirracista\/#website"},"primaryImageOfPage":{"@id":"https:\/\/museologiavirtual.tech\/porumasociedadeantirracista\/?p=1334#primaryimage"},"image":{"@id":"https:\/\/museologiavirtual.tech\/porumasociedadeantirracista\/?p=1334#primaryimage"},"thumbnailUrl":"https:\/\/museologiavirtual.tech\/porumasociedadeantirracista\/wp-content\/uploads\/2022\/12\/78e47f4f-269d-41b1-a83b-3506bed53d22.jpeg","datePublished":"2022-12-04T13:51:45+00:00","breadcrumb":{"@id":"https:\/\/museologiavirtual.tech\/porumasociedadeantirracista\/?p=1334#breadcrumb"},"inLanguage":"pt-BR","potentialAction":[{"@type":"ReadAction","target":["https:\/\/museologiavirtual.tech\/porumasociedadeantirracista\/?p=1334"]}]},{"@type":"ImageObject","inLanguage":"pt-BR","@id":"https:\/\/museologiavirtual.tech\/porumasociedadeantirracista\/?p=1334#primaryimage","url":"https:\/\/museologiavirtual.tech\/porumasociedadeantirracista\/wp-content\/uploads\/2022\/12\/78e47f4f-269d-41b1-a83b-3506bed53d22.jpeg","contentUrl":"https:\/\/museologiavirtual.tech\/porumasociedadeantirracista\/wp-content\/uploads\/2022\/12\/78e47f4f-269d-41b1-a83b-3506bed53d22.jpeg","width":737,"height":270},{"@type":"BreadcrumbList","@id":"https:\/\/museologiavirtual.tech\/porumasociedadeantirracista\/?p=1334#breadcrumb","itemListElement":[{"@type":"ListItem","position":1,"name":"Home","item":"https:\/\/museologiavirtual.tech\/porumasociedadeantirracista\/"},{"@type":"ListItem","position":2,"name":"Programa de P\u00f3s-Gradua\u00e7\u00e3o em Museologia e Patrim\u00f4nio"}]},{"@type":"WebSite","@id":"https:\/\/museologiavirtual.tech\/porumasociedadeantirracista\/#website","url":"https:\/\/museologiavirtual.tech\/porumasociedadeantirracista\/","name":"Escola de Museologia Unirio","description":"Museologia - Unirio","publisher":{"@id":"https:\/\/museologiavirtual.tech\/porumasociedadeantirracista\/#organization"},"potentialAction":[{"@type":"SearchAction","target":{"@type":"EntryPoint","urlTemplate":"https:\/\/museologiavirtual.tech\/porumasociedadeantirracista\/?s={search_term_string}"},"query-input":{"@type":"PropertyValueSpecification","valueRequired":true,"valueName":"search_term_string"}}],"inLanguage":"pt-BR"},{"@type":"Organization","@id":"https:\/\/museologiavirtual.tech\/porumasociedadeantirracista\/#organization","name":"Escola de Museologia Unirio","url":"https:\/\/museologiavirtual.tech\/porumasociedadeantirracista\/","logo":{"@type":"ImageObject","inLanguage":"pt-BR","@id":"https:\/\/museologiavirtual.tech\/porumasociedadeantirracista\/#\/schema\/logo\/image\/","url":"https:\/\/museologiavirtual.tech\/porumasociedadeantirracista\/wp-content\/uploads\/2023\/12\/unirio.png","contentUrl":"https:\/\/museologiavirtual.tech\/porumasociedadeantirracista\/wp-content\/uploads\/2023\/12\/unirio.png","width":2206,"height":2156,"caption":"Escola de Museologia Unirio"},"image":{"@id":"https:\/\/museologiavirtual.tech\/porumasociedadeantirracista\/#\/schema\/logo\/image\/"},"sameAs":["https:\/\/www.facebook.com\/EscoladeMuseologiaUnirio\/"]},{"@type":"Person","@id":"https:\/\/museologiavirtual.tech\/porumasociedadeantirracista\/#\/schema\/person\/ce85d062061b13c3e1ddd35fc2b28b8d","name":"Magaldi","image":{"@type":"ImageObject","inLanguage":"pt-BR","@id":"https:\/\/secure.gravatar.com\/avatar\/7e8edc21537d5fff0c9933d55b9841c857ee09359ff4e38dbc3cdc056e5031e6?s=96&d=mm&r=g","url":"https:\/\/secure.gravatar.com\/avatar\/7e8edc21537d5fff0c9933d55b9841c857ee09359ff4e38dbc3cdc056e5031e6?s=96&d=mm&r=g","contentUrl":"https:\/\/secure.gravatar.com\/avatar\/7e8edc21537d5fff0c9933d55b9841c857ee09359ff4e38dbc3cdc056e5031e6?s=96&d=mm&r=g","caption":"Magaldi"},"sameAs":["https:\/\/museologiavirtual.tech\/porumasociedadeantirracista"],"url":"https:\/\/museologiavirtual.tech\/porumasociedadeantirracista\/?author=1"}]}},"_links":{"self":[{"href":"https:\/\/museologiavirtual.tech\/porumasociedadeantirracista\/index.php?rest_route=\/wp\/v2\/posts\/1334","targetHints":{"allow":["GET"]}}],"collection":[{"href":"https:\/\/museologiavirtual.tech\/porumasociedadeantirracista\/index.php?rest_route=\/wp\/v2\/posts"}],"about":[{"href":"https:\/\/museologiavirtual.tech\/porumasociedadeantirracista\/index.php?rest_route=\/wp\/v2\/types\/post"}],"author":[{"embeddable":true,"href":"https:\/\/museologiavirtual.tech\/porumasociedadeantirracista\/index.php?rest_route=\/wp\/v2\/users\/1"}],"replies":[{"embeddable":true,"href":"https:\/\/museologiavirtual.tech\/porumasociedadeantirracista\/index.php?rest_route=%2Fwp%2Fv2%2Fcomments&post=1334"}],"version-history":[{"count":1,"href":"https:\/\/museologiavirtual.tech\/porumasociedadeantirracista\/index.php?rest_route=\/wp\/v2\/posts\/1334\/revisions"}],"predecessor-version":[{"id":1336,"href":"https:\/\/museologiavirtual.tech\/porumasociedadeantirracista\/index.php?rest_route=\/wp\/v2\/posts\/1334\/revisions\/1336"}],"wp:featuredmedia":[{"embeddable":true,"href":"https:\/\/museologiavirtual.tech\/porumasociedadeantirracista\/index.php?rest_route=\/wp\/v2\/media\/1335"}],"wp:attachment":[{"href":"https:\/\/museologiavirtual.tech\/porumasociedadeantirracista\/index.php?rest_route=%2Fwp%2Fv2%2Fmedia&parent=1334"}],"wp:term":[{"taxonomy":"category","embeddable":true,"href":"https:\/\/museologiavirtual.tech\/porumasociedadeantirracista\/index.php?rest_route=%2Fwp%2Fv2%2Fcategories&post=1334"},{"taxonomy":"post_tag","embeddable":true,"href":"https:\/\/museologiavirtual.tech\/porumasociedadeantirracista\/index.php?rest_route=%2Fwp%2Fv2%2Ftags&post=1334"}],"curies":[{"name":"wp","href":"https:\/\/api.w.org\/{rel}","templated":true}]}}