{"id":1,"date":"2022-10-26T12:11:19","date_gmt":"2022-10-26T12:11:19","guid":{"rendered":"https:\/\/museologiavirtual.tech\/porumasociedadeantirracista\/?p=1"},"modified":"2022-12-04T10:50:42","modified_gmt":"2022-12-04T13:50:42","slug":"hello-world","status":"publish","type":"post","link":"https:\/\/museologiavirtual.tech\/porumasociedadeantirracista\/?p=1","title":{"rendered":"Alunos do Curso de Museologia realizam visita t\u00e9cnica ao AquaRio"},"content":{"rendered":"\r\n<div id=\"middle-container\">\r\n<div id=\"content\">\r\n<h1 class=\"documentFirstHeading\">Alunos do Curso de Museologia realizam visita t\u00e9cnica ao AquaRio<\/h1>\r\n<div id=\"viewlet-below-content-title\">\r\n<div id=\"plone-document-byline\" class=\"documentByLine\"><span class=\"documentAuthor\">por comunicacao \u2014\u00a0<\/span><span class=\"documentPublished\">publicado\u00a019\/10\/2017 09h25,\u00a0<\/span><span class=\"documentModified\">\u00faltima modifica\u00e7\u00e3o\u00a019\/10\/2017 10h14<\/span><\/div>\r\n<\/div>\r\n<div class=\"documentDescription description\">No dia 6 de outubro, os alunos da disciplina de Biodiversidade e Meio Ambiente do Curso de Museologia da UNIRIO realizaram uma visita t\u00e9cnica ao Aqu\u00e1rio Marinho do Rio (AquaRio), considerado o maior aqu\u00e1rio marinho da Am\u00e9rica do Sul<\/div>\r\n<div id=\"viewlet-above-content-body\">\u00a0<\/div>\r\n<div id=\"content-core\">\r\n<div class=\"newsImageContainer\"><a href=\"http:\/\/www.unirio.br\/news\/alunos-do-curso-de-museologia-realizam-visita-tecnica-ao-aquario-1\/@@images\/630742c2-beab-4113-9753-b62d0f75cb5b.jpeg\"><img decoding=\"async\" class=\"newsImage\" title=\"Alunos do Curso de Museologia realizam visita t\u00e9cnica ao AquaRio\" src=\"http:\/\/www.unirio.br\/news\/alunos-do-curso-de-museologia-realizam-visita-tecnica-ao-aquario-1\/@@images\/608f3d0c-d430-48ed-8370-cc4e7f2e9834.jpeg\" alt=\"Alunos do Curso de Museologia realizam visita t\u00e9cnica ao AquaRio\" width=\"200\" height=\"133\" \/><\/a>\r\n<div>Alunos do Curso de Museologia realizam visita t\u00e9cnica ao AquaRio<\/div>\r\n<\/div>\r\n<div id=\"parent-fieldname-text\">\r\n<p>No dia 6 \u00a0de outubro, os alunos da disciplina de Biodiversidade e Meio Ambiente do Curso de Museologia da UNIRIO realizaram uma visita t\u00e9cnica ao Aqu\u00e1rio Marinho do Rio (AquaRio), considerado \u00a0o maior aqu\u00e1rio marinho da Am\u00e9rica do Sul.<\/p>\r\n<p>\u00a0Foi em um \u00a0ambiente com recintos e tanques, contendo 4,5 milh\u00f5es de litros de \u00e1gua, e percorrendo o trajeto tem\u00e1tico das praias arenosas, cost\u00f5es rochosos at\u00e9 o grande tanque oce\u00e2nico, que os 29 alunos do Curso puderam ampliar seus conhecimentos sobre os ambientes marinhos, seus habitantes e habitats, pela \u00f3tica da Museologia.<\/p>\r\n<p>\u00a0Durante a visita, acompanhada pela educadora ambiental Grazielle Giacomo, os estudantes abordaram quest\u00f5es pertinentes sobre a import\u00e2ncia da inser\u00e7\u00e3o de muse\u00f3logos nos aqu\u00e1rios p\u00fablicos, de forma que possam ser vistos como uma nova oportunidade de atua\u00e7\u00e3o desses futuros profissionais.<\/p>\r\n<p>\u00a0Ao final da visita, os alunos e o professor da disciplina, \u00c1thila Bertoncini, foram recebidos pelos educadores ambientais, Paulo Salom\u00e3o e Grazielle Giacomo, para um bate-papo em que puderam discutir quest\u00f5es sobre o papel dos aqu\u00e1rios p\u00fablicos na educa\u00e7\u00e3o, pesquisa e conserva\u00e7\u00e3o.\u00a0<\/p>\r\n<p><img decoding=\"async\" class=\"image-inline\" title=\"Alunos do Curso de Museologia realizam visita t\u00e9cnica ao AquaRio\" src=\"http:\/\/www.unirio.br\/arquivos\/geral\/copy2_of_foto2pequena.jpg\" alt=\"Alunos do Curso de Museologia realizam visita t\u00e9cnica ao AquaRio\" \/><\/p>\r\n<p><img decoding=\"async\" class=\"image-inline\" title=\"Alunos do Curso de Museologia realizam visita t\u00e9cnica ao AquaRio\" src=\"http:\/\/www.unirio.br\/arquivos\/geral\/foto3pequena2.jpg\" alt=\"Alunos do Curso de Museologia realizam visita t\u00e9cnica ao AquaRio\" \/><\/p>\r\n<\/div>\r\n<\/div>\r\n<div id=\"viewlet-below-content-body\">\r\n<div class=\"visualClear\">\u00a0<\/div>\r\n<div class=\"documentActions\">\u00a0<\/div>\r\n<\/div>\r\n<\/div>\r\n<div id=\"other-news\"><span id=\"other-news-tittle\"><\/span>\r\n<dl class=\"portlet portletNews\">\r\n<dd class=\"portletFooter\">\u00a0<a href=\"http:\/\/www.unirio.br\/news\">Mais not\u00edcias\u2026<\/a>\u00a0<\/dd>\r\n<\/dl>\r\n<\/div>\r\n<\/div>\r\n<div id=\"right\">\r\n<div class=\"portletStaticText portlet-static-menu-triade\">\r\n<p><img decoding=\"async\" class=\"image-inline\" title=\"ensino\" src=\"http:\/\/www.unirio.br\/estatico\/copy_of_ensinonovo.png\" alt=\"Imagem com fundo azul, de descri\u00e7\u00e3o &quot;ENSINO&quot;, em caixa alta, na cor branca.\" \/><\/p>\r\n<ul class=\"dark-blue\">\r\n<li><a class=\"external-link\" title=\"\" href=\"http:\/\/www.unirio.br\/prograd\/cursos-de-graduacao\" target=\"_self\" rel=\"noopener\">Gradua\u00e7\u00e3o<\/a><\/li>\r\n<li><a class=\"external-link\" title=\"\" href=\"http:\/\/www.unirio.br\/cursos-1\/pos-graduacao\" target=\"_self\" rel=\"noopener\">P\u00f3s-Gradua\u00e7\u00e3o<\/a><\/li>\r\n<li><a class=\"external-link\" title=\"\" href=\"http:\/\/www.unirio.br\/cead\/cursos-a-distancia-1\" target=\"_self\" rel=\"noopener\">Educa\u00e7\u00e3o a Dist\u00e2ncia<\/a><\/li>\r\n<\/ul>\r\n<p><img decoding=\"async\" class=\"image-inline\" title=\"pesquisa\" src=\"http:\/\/www.unirio.br\/estatico\/pesquisanovo.png\" alt=\"Imagem com fundo verde, de descri\u00e7\u00e3o &quot;PESQUISA&quot;, em caixa alta, na cor branca.\" \/><\/p>\r\n<ul class=\"green\">\r\n<li><a class=\"external-link\" title=\"\" href=\"http:\/\/lattes.cnpq.br\/\" target=\"_self\" rel=\"noopener\">Plataforma Lattes<\/a><\/li>\r\n<li><a class=\"external-link\" title=\"\" href=\"http:\/\/www.unirio.br\/propg\/diretoria-de-pesquisa\" target=\"_self\" rel=\"noopener\">Inicia\u00e7\u00e3o Cient\u00edfica<\/a><\/li>\r\n<li><a class=\"external-link\" title=\"\" href=\"http:\/\/www.unirio.br\/propg\/diretoria-de-inovacao-tecnologica-cultural-e-social\" target=\"_self\" rel=\"noopener\">Inova\u00e7\u00e3o<\/a><\/li>\r\n<\/ul>\r\n<p><img decoding=\"async\" class=\"image-inline\" title=\"extens\u00e3o\" src=\"http:\/\/www.unirio.br\/estatico\/extensaonovo.png\" alt=\"Imagem com fundo turquesa, de descri\u00e7\u00e3o &quot;EXTENS\u00c3O&quot;, em caixa alta, na cor branca.\" \/><\/p>\r\n<ul class=\"blue\">\r\n<li><a class=\"external-link\" title=\"\" href=\"http:\/\/www.unirio.br\/proreitoriadeextensaoecultura\" target=\"_self\" rel=\"noopener\">Extens\u00e3o e Cultura<\/a><\/li>\r\n<li><a class=\"external-link\" title=\"\" href=\"http:\/\/www.unirio.br\/proreitoriadeextensaoecultura\/editais\/editais-e-resultados\" target=\"_self\" rel=\"noopener\">Bolsas e editais<\/a><\/li>\r\n<\/ul>\r\n<\/div>\r\n<div class=\"portletStaticText portlet-static-portais\">\r\n<p><img decoding=\"async\" class=\"image-inline\" title=\"portais\" src=\"http:\/\/www.unirio.br\/estatico\/portaisnovo.png\" alt=\"Imagem com fundo na cor cinza, de descri\u00e7\u00e3o PORTAIS, em caixa alta, na cor branca.\" \/><\/p>\r\n<ul>\r\n<li><a class=\"external-link\" title=\"\" href=\"https:\/\/sei.unirio.br\/\" target=\"_self\" rel=\"noopener\">SEI &#8211; Sistema Eletr\u00f4nico de Informa\u00e7\u00f5es<\/a><\/li>\r\n<li><a class=\"external-link\" title=\"\" href=\"http:\/\/www.sistemas.unirio.br\/welcome\/default\/index\" target=\"_self\" rel=\"noopener\">Portal de Sistemas<\/a><\/li>\r\n<li><a class=\"external-link\" title=\"\" href=\"https:\/\/id.unirio.br\/\" target=\"_self\" rel=\"noopener\">Portal ID UNIRIO<\/a><\/li>\r\n<li><a class=\"external-link\" title=\"\" href=\"http:\/\/sistemas.unirio.br\/projetos\" target=\"_self\" rel=\"noopener\">Portal de Pesquisa<\/a><\/li>\r\n<li><a class=\"external-link\" title=\"\" href=\"http:\/\/sistemas.unirio.br\/extensao\/\" target=\"_self\" rel=\"noopener\">Portal da Extens\u00e3o<\/a><\/li>\r\n<li><a class=\"external-link\" title=\"\" href=\"http:\/\/www.unirio.br\/portal_do_aluno\" target=\"_self\" rel=\"noopener\">Portal do Aluno<\/a><\/li>\r\n<li><a class=\"external-link\" title=\"\" href=\"https:\/\/portais.unirio.br\/professor\" target=\"_self\" rel=\"noopener\">Portal do Professor<\/a><\/li>\r\n<li><a class=\"external-link\" title=\"\" href=\"http:\/\/sistemas.unirio.br\/processos\" target=\"_self\" rel=\"noopener\">Portal de Processos<\/a><\/li>\r\n<li><a class=\"external-link\" title=\"\" href=\"https:\/\/portais.unirio.br\/ementario\" target=\"_self\" rel=\"noopener\">Portal do Ement\u00e1rio<\/a><\/li>\r\n<li><a class=\"external-link\" title=\"\" href=\"https:\/\/portais.unirio.br\/relatorios\" target=\"_self\" rel=\"noopener\">Portal de Relat\u00f3rios<\/a><\/li>\r\n<li><a class=\"external-link\" title=\"\" href=\"https:\/\/sistemas2.unirio.br\/laboratorios\/laboratorios\/\" target=\"_self\" rel=\"noopener\">Portal de Laborat\u00f3rios<\/a><\/li>\r\n<\/ul>\r\n<\/div>\r\n<\/div>\r\n","protected":false},"excerpt":{"rendered":"<p>Alunos do Curso de Museologia realizam visita t\u00e9cnica ao AquaRio por comunicacao \u2014\u00a0publicado\u00a019\/10\/2017 09h25,\u00a0\u00faltima modifica\u00e7\u00e3o\u00a019\/10\/2017 10h14 No dia 6 de outubro, os alunos da disciplina de Biodiversidade e Meio Ambiente do Curso de Museologia da UNIRIO realizaram uma visita t\u00e9cnica ao Aqu\u00e1rio Marinho do Rio (AquaRio), considerado o maior aqu\u00e1rio marinho da Am\u00e9rica do Sul [&hellip;]<\/p>\n","protected":false},"author":1,"featured_media":1331,"comment_status":"open","ping_status":"open","sticky":false,"template":"","format":"standard","meta":{"footnotes":""},"categories":[1],"tags":[],"class_list":["post-1","post","type-post","status-publish","format-standard","has-post-thumbnail","hentry","category-geral"],"yoast_head":"<!-- This site is optimized with the Yoast SEO Premium plugin v20.1 (Yoast SEO v27.5) - https:\/\/yoast.com\/product\/yoast-seo-premium-wordpress\/ -->\n<title>Alunos do Curso de Museologia realizam visita t\u00e9cnica ao AquaRio - Por uma sociedade antirracista<\/title>\n<meta name=\"robots\" content=\"index, follow, max-snippet:-1, max-image-preview:large, max-video-preview:-1\" \/>\n<link rel=\"canonical\" href=\"https:\/\/museologiavirtual.tech\/porumasociedadeantirracista\/?p=1\" \/>\n<meta property=\"og:locale\" content=\"pt_BR\" \/>\n<meta property=\"og:type\" content=\"article\" \/>\n<meta property=\"og:title\" content=\"Alunos do Curso de Museologia realizam visita t\u00e9cnica ao AquaRio\" \/>\n<meta property=\"og:description\" content=\"Alunos do Curso de Museologia realizam visita t\u00e9cnica ao AquaRio por comunicacao \u2014\u00a0publicado\u00a019\/10\/2017 09h25,\u00a0\u00faltima modifica\u00e7\u00e3o\u00a019\/10\/2017 10h14 No dia 6 de outubro, os alunos da disciplina de Biodiversidade e Meio Ambiente do Curso de Museologia da UNIRIO realizaram uma visita t\u00e9cnica ao Aqu\u00e1rio Marinho do Rio (AquaRio), considerado o maior aqu\u00e1rio marinho da Am\u00e9rica do Sul [&hellip;]\" \/>\n<meta property=\"og:url\" content=\"https:\/\/museologiavirtual.tech\/porumasociedadeantirracista\/?p=1\" \/>\n<meta property=\"og:site_name\" content=\"Por uma sociedade antirracista\" \/>\n<meta property=\"article:publisher\" content=\"https:\/\/www.facebook.com\/EscoladeMuseologiaUnirio\/\" \/>\n<meta property=\"article:published_time\" content=\"2022-10-26T12:11:19+00:00\" \/>\n<meta property=\"article:modified_time\" content=\"2022-12-04T13:50:42+00:00\" \/>\n<meta property=\"og:image\" content=\"https:\/\/museologiavirtual.tech\/porumasociedadeantirracista\/wp-content\/uploads\/2022\/10\/foto3pequena2.jpg\" \/>\n\t<meta property=\"og:image:width\" content=\"600\" \/>\n\t<meta property=\"og:image:height\" content=\"400\" \/>\n\t<meta property=\"og:image:type\" content=\"image\/jpeg\" \/>\n<meta name=\"author\" content=\"Magaldi\" \/>\n<meta name=\"twitter:card\" content=\"summary_large_image\" \/>\n<meta name=\"twitter:label1\" content=\"Escrito por\" \/>\n\t<meta name=\"twitter:data1\" content=\"Magaldi\" \/>\n\t<meta name=\"twitter:label2\" content=\"Est. tempo de leitura\" \/>\n\t<meta name=\"twitter:data2\" content=\"2 minutos\" \/>\n<script type=\"application\/ld+json\" class=\"yoast-schema-graph\">{\"@context\":\"https:\\\/\\\/schema.org\",\"@graph\":[{\"@type\":\"Article\",\"@id\":\"https:\\\/\\\/museologiavirtual.tech\\\/porumasociedadeantirracista\\\/?p=1#article\",\"isPartOf\":{\"@id\":\"https:\\\/\\\/museologiavirtual.tech\\\/porumasociedadeantirracista\\\/?p=1\"},\"author\":{\"name\":\"Magaldi\",\"@id\":\"https:\\\/\\\/museologiavirtual.tech\\\/porumasociedadeantirracista\\\/#\\\/schema\\\/person\\\/ce85d062061b13c3e1ddd35fc2b28b8d\"},\"headline\":\"Alunos do Curso de Museologia realizam visita t\u00e9cnica ao AquaRio\",\"datePublished\":\"2022-10-26T12:11:19+00:00\",\"dateModified\":\"2022-12-04T13:50:42+00:00\",\"mainEntityOfPage\":{\"@id\":\"https:\\\/\\\/museologiavirtual.tech\\\/porumasociedadeantirracista\\\/?p=1\"},\"wordCount\":343,\"commentCount\":1,\"publisher\":{\"@id\":\"https:\\\/\\\/museologiavirtual.tech\\\/porumasociedadeantirracista\\\/#organization\"},\"image\":{\"@id\":\"https:\\\/\\\/museologiavirtual.tech\\\/porumasociedadeantirracista\\\/?p=1#primaryimage\"},\"thumbnailUrl\":\"https:\\\/\\\/museologiavirtual.tech\\\/porumasociedadeantirracista\\\/wp-content\\\/uploads\\\/2022\\\/10\\\/foto3pequena2.jpg\",\"articleSection\":[\"Geral\"],\"inLanguage\":\"pt-BR\",\"potentialAction\":[{\"@type\":\"CommentAction\",\"name\":\"Comment\",\"target\":[\"https:\\\/\\\/museologiavirtual.tech\\\/porumasociedadeantirracista\\\/?p=1#respond\"]}]},{\"@type\":\"WebPage\",\"@id\":\"https:\\\/\\\/museologiavirtual.tech\\\/porumasociedadeantirracista\\\/?p=1\",\"url\":\"https:\\\/\\\/museologiavirtual.tech\\\/porumasociedadeantirracista\\\/?p=1\",\"name\":\"Alunos do Curso de Museologia realizam visita t\u00e9cnica ao AquaRio - Por uma sociedade antirracista\",\"isPartOf\":{\"@id\":\"https:\\\/\\\/museologiavirtual.tech\\\/porumasociedadeantirracista\\\/#website\"},\"primaryImageOfPage\":{\"@id\":\"https:\\\/\\\/museologiavirtual.tech\\\/porumasociedadeantirracista\\\/?p=1#primaryimage\"},\"image\":{\"@id\":\"https:\\\/\\\/museologiavirtual.tech\\\/porumasociedadeantirracista\\\/?p=1#primaryimage\"},\"thumbnailUrl\":\"https:\\\/\\\/museologiavirtual.tech\\\/porumasociedadeantirracista\\\/wp-content\\\/uploads\\\/2022\\\/10\\\/foto3pequena2.jpg\",\"datePublished\":\"2022-10-26T12:11:19+00:00\",\"dateModified\":\"2022-12-04T13:50:42+00:00\",\"breadcrumb\":{\"@id\":\"https:\\\/\\\/museologiavirtual.tech\\\/porumasociedadeantirracista\\\/?p=1#breadcrumb\"},\"inLanguage\":\"pt-BR\",\"potentialAction\":[{\"@type\":\"ReadAction\",\"target\":[\"https:\\\/\\\/museologiavirtual.tech\\\/porumasociedadeantirracista\\\/?p=1\"]}]},{\"@type\":\"ImageObject\",\"inLanguage\":\"pt-BR\",\"@id\":\"https:\\\/\\\/museologiavirtual.tech\\\/porumasociedadeantirracista\\\/?p=1#primaryimage\",\"url\":\"https:\\\/\\\/museologiavirtual.tech\\\/porumasociedadeantirracista\\\/wp-content\\\/uploads\\\/2022\\\/10\\\/foto3pequena2.jpg\",\"contentUrl\":\"https:\\\/\\\/museologiavirtual.tech\\\/porumasociedadeantirracista\\\/wp-content\\\/uploads\\\/2022\\\/10\\\/foto3pequena2.jpg\",\"width\":600,\"height\":400},{\"@type\":\"BreadcrumbList\",\"@id\":\"https:\\\/\\\/museologiavirtual.tech\\\/porumasociedadeantirracista\\\/?p=1#breadcrumb\",\"itemListElement\":[{\"@type\":\"ListItem\",\"position\":1,\"name\":\"Home\",\"item\":\"https:\\\/\\\/museologiavirtual.tech\\\/porumasociedadeantirracista\\\/\"},{\"@type\":\"ListItem\",\"position\":2,\"name\":\"Alunos do Curso de Museologia realizam visita t\u00e9cnica ao AquaRio\"}]},{\"@type\":\"WebSite\",\"@id\":\"https:\\\/\\\/museologiavirtual.tech\\\/porumasociedadeantirracista\\\/#website\",\"url\":\"https:\\\/\\\/museologiavirtual.tech\\\/porumasociedadeantirracista\\\/\",\"name\":\"Escola de Museologia Unirio\",\"description\":\"Museologia - Unirio\",\"publisher\":{\"@id\":\"https:\\\/\\\/museologiavirtual.tech\\\/porumasociedadeantirracista\\\/#organization\"},\"potentialAction\":[{\"@type\":\"SearchAction\",\"target\":{\"@type\":\"EntryPoint\",\"urlTemplate\":\"https:\\\/\\\/museologiavirtual.tech\\\/porumasociedadeantirracista\\\/?s={search_term_string}\"},\"query-input\":{\"@type\":\"PropertyValueSpecification\",\"valueRequired\":true,\"valueName\":\"search_term_string\"}}],\"inLanguage\":\"pt-BR\"},{\"@type\":\"Organization\",\"@id\":\"https:\\\/\\\/museologiavirtual.tech\\\/porumasociedadeantirracista\\\/#organization\",\"name\":\"Escola de Museologia Unirio\",\"url\":\"https:\\\/\\\/museologiavirtual.tech\\\/porumasociedadeantirracista\\\/\",\"logo\":{\"@type\":\"ImageObject\",\"inLanguage\":\"pt-BR\",\"@id\":\"https:\\\/\\\/museologiavirtual.tech\\\/porumasociedadeantirracista\\\/#\\\/schema\\\/logo\\\/image\\\/\",\"url\":\"https:\\\/\\\/museologiavirtual.tech\\\/porumasociedadeantirracista\\\/wp-content\\\/uploads\\\/2023\\\/12\\\/unirio.png\",\"contentUrl\":\"https:\\\/\\\/museologiavirtual.tech\\\/porumasociedadeantirracista\\\/wp-content\\\/uploads\\\/2023\\\/12\\\/unirio.png\",\"width\":2206,\"height\":2156,\"caption\":\"Escola de Museologia Unirio\"},\"image\":{\"@id\":\"https:\\\/\\\/museologiavirtual.tech\\\/porumasociedadeantirracista\\\/#\\\/schema\\\/logo\\\/image\\\/\"},\"sameAs\":[\"https:\\\/\\\/www.facebook.com\\\/EscoladeMuseologiaUnirio\\\/\"]},{\"@type\":\"Person\",\"@id\":\"https:\\\/\\\/museologiavirtual.tech\\\/porumasociedadeantirracista\\\/#\\\/schema\\\/person\\\/ce85d062061b13c3e1ddd35fc2b28b8d\",\"name\":\"Magaldi\",\"image\":{\"@type\":\"ImageObject\",\"inLanguage\":\"pt-BR\",\"@id\":\"https:\\\/\\\/secure.gravatar.com\\\/avatar\\\/7e8edc21537d5fff0c9933d55b9841c857ee09359ff4e38dbc3cdc056e5031e6?s=96&d=mm&r=g\",\"url\":\"https:\\\/\\\/secure.gravatar.com\\\/avatar\\\/7e8edc21537d5fff0c9933d55b9841c857ee09359ff4e38dbc3cdc056e5031e6?s=96&d=mm&r=g\",\"contentUrl\":\"https:\\\/\\\/secure.gravatar.com\\\/avatar\\\/7e8edc21537d5fff0c9933d55b9841c857ee09359ff4e38dbc3cdc056e5031e6?s=96&d=mm&r=g\",\"caption\":\"Magaldi\"},\"sameAs\":[\"https:\\\/\\\/museologiavirtual.tech\\\/porumasociedadeantirracista\"],\"url\":\"https:\\\/\\\/museologiavirtual.tech\\\/porumasociedadeantirracista\\\/?author=1\"}]}<\/script>\n<!-- \/ Yoast SEO Premium plugin. -->","yoast_head_json":{"title":"Alunos do Curso de Museologia realizam visita t\u00e9cnica ao AquaRio - Por uma sociedade antirracista","robots":{"index":"index","follow":"follow","max-snippet":"max-snippet:-1","max-image-preview":"max-image-preview:large","max-video-preview":"max-video-preview:-1"},"canonical":"https:\/\/museologiavirtual.tech\/porumasociedadeantirracista\/?p=1","og_locale":"pt_BR","og_type":"article","og_title":"Alunos do Curso de Museologia realizam visita t\u00e9cnica ao AquaRio","og_description":"Alunos do Curso de Museologia realizam visita t\u00e9cnica ao AquaRio por comunicacao \u2014\u00a0publicado\u00a019\/10\/2017 09h25,\u00a0\u00faltima modifica\u00e7\u00e3o\u00a019\/10\/2017 10h14 No dia 6 de outubro, os alunos da disciplina de Biodiversidade e Meio Ambiente do Curso de Museologia da UNIRIO realizaram uma visita t\u00e9cnica ao Aqu\u00e1rio Marinho do Rio (AquaRio), considerado o maior aqu\u00e1rio marinho da Am\u00e9rica do Sul [&hellip;]","og_url":"https:\/\/museologiavirtual.tech\/porumasociedadeantirracista\/?p=1","og_site_name":"Por uma sociedade antirracista","article_publisher":"https:\/\/www.facebook.com\/EscoladeMuseologiaUnirio\/","article_published_time":"2022-10-26T12:11:19+00:00","article_modified_time":"2022-12-04T13:50:42+00:00","og_image":[{"width":600,"height":400,"url":"https:\/\/museologiavirtual.tech\/porumasociedadeantirracista\/wp-content\/uploads\/2022\/10\/foto3pequena2.jpg","type":"image\/jpeg"}],"author":"Magaldi","twitter_card":"summary_large_image","twitter_misc":{"Escrito por":"Magaldi","Est. tempo de leitura":"2 minutos"},"schema":{"@context":"https:\/\/schema.org","@graph":[{"@type":"Article","@id":"https:\/\/museologiavirtual.tech\/porumasociedadeantirracista\/?p=1#article","isPartOf":{"@id":"https:\/\/museologiavirtual.tech\/porumasociedadeantirracista\/?p=1"},"author":{"name":"Magaldi","@id":"https:\/\/museologiavirtual.tech\/porumasociedadeantirracista\/#\/schema\/person\/ce85d062061b13c3e1ddd35fc2b28b8d"},"headline":"Alunos do Curso de Museologia realizam visita t\u00e9cnica ao AquaRio","datePublished":"2022-10-26T12:11:19+00:00","dateModified":"2022-12-04T13:50:42+00:00","mainEntityOfPage":{"@id":"https:\/\/museologiavirtual.tech\/porumasociedadeantirracista\/?p=1"},"wordCount":343,"commentCount":1,"publisher":{"@id":"https:\/\/museologiavirtual.tech\/porumasociedadeantirracista\/#organization"},"image":{"@id":"https:\/\/museologiavirtual.tech\/porumasociedadeantirracista\/?p=1#primaryimage"},"thumbnailUrl":"https:\/\/museologiavirtual.tech\/porumasociedadeantirracista\/wp-content\/uploads\/2022\/10\/foto3pequena2.jpg","articleSection":["Geral"],"inLanguage":"pt-BR","potentialAction":[{"@type":"CommentAction","name":"Comment","target":["https:\/\/museologiavirtual.tech\/porumasociedadeantirracista\/?p=1#respond"]}]},{"@type":"WebPage","@id":"https:\/\/museologiavirtual.tech\/porumasociedadeantirracista\/?p=1","url":"https:\/\/museologiavirtual.tech\/porumasociedadeantirracista\/?p=1","name":"Alunos do Curso de Museologia realizam visita t\u00e9cnica ao AquaRio - Por uma sociedade antirracista","isPartOf":{"@id":"https:\/\/museologiavirtual.tech\/porumasociedadeantirracista\/#website"},"primaryImageOfPage":{"@id":"https:\/\/museologiavirtual.tech\/porumasociedadeantirracista\/?p=1#primaryimage"},"image":{"@id":"https:\/\/museologiavirtual.tech\/porumasociedadeantirracista\/?p=1#primaryimage"},"thumbnailUrl":"https:\/\/museologiavirtual.tech\/porumasociedadeantirracista\/wp-content\/uploads\/2022\/10\/foto3pequena2.jpg","datePublished":"2022-10-26T12:11:19+00:00","dateModified":"2022-12-04T13:50:42+00:00","breadcrumb":{"@id":"https:\/\/museologiavirtual.tech\/porumasociedadeantirracista\/?p=1#breadcrumb"},"inLanguage":"pt-BR","potentialAction":[{"@type":"ReadAction","target":["https:\/\/museologiavirtual.tech\/porumasociedadeantirracista\/?p=1"]}]},{"@type":"ImageObject","inLanguage":"pt-BR","@id":"https:\/\/museologiavirtual.tech\/porumasociedadeantirracista\/?p=1#primaryimage","url":"https:\/\/museologiavirtual.tech\/porumasociedadeantirracista\/wp-content\/uploads\/2022\/10\/foto3pequena2.jpg","contentUrl":"https:\/\/museologiavirtual.tech\/porumasociedadeantirracista\/wp-content\/uploads\/2022\/10\/foto3pequena2.jpg","width":600,"height":400},{"@type":"BreadcrumbList","@id":"https:\/\/museologiavirtual.tech\/porumasociedadeantirracista\/?p=1#breadcrumb","itemListElement":[{"@type":"ListItem","position":1,"name":"Home","item":"https:\/\/museologiavirtual.tech\/porumasociedadeantirracista\/"},{"@type":"ListItem","position":2,"name":"Alunos do Curso de Museologia realizam visita t\u00e9cnica ao AquaRio"}]},{"@type":"WebSite","@id":"https:\/\/museologiavirtual.tech\/porumasociedadeantirracista\/#website","url":"https:\/\/museologiavirtual.tech\/porumasociedadeantirracista\/","name":"Escola de Museologia Unirio","description":"Museologia - Unirio","publisher":{"@id":"https:\/\/museologiavirtual.tech\/porumasociedadeantirracista\/#organization"},"potentialAction":[{"@type":"SearchAction","target":{"@type":"EntryPoint","urlTemplate":"https:\/\/museologiavirtual.tech\/porumasociedadeantirracista\/?s={search_term_string}"},"query-input":{"@type":"PropertyValueSpecification","valueRequired":true,"valueName":"search_term_string"}}],"inLanguage":"pt-BR"},{"@type":"Organization","@id":"https:\/\/museologiavirtual.tech\/porumasociedadeantirracista\/#organization","name":"Escola de Museologia Unirio","url":"https:\/\/museologiavirtual.tech\/porumasociedadeantirracista\/","logo":{"@type":"ImageObject","inLanguage":"pt-BR","@id":"https:\/\/museologiavirtual.tech\/porumasociedadeantirracista\/#\/schema\/logo\/image\/","url":"https:\/\/museologiavirtual.tech\/porumasociedadeantirracista\/wp-content\/uploads\/2023\/12\/unirio.png","contentUrl":"https:\/\/museologiavirtual.tech\/porumasociedadeantirracista\/wp-content\/uploads\/2023\/12\/unirio.png","width":2206,"height":2156,"caption":"Escola de Museologia Unirio"},"image":{"@id":"https:\/\/museologiavirtual.tech\/porumasociedadeantirracista\/#\/schema\/logo\/image\/"},"sameAs":["https:\/\/www.facebook.com\/EscoladeMuseologiaUnirio\/"]},{"@type":"Person","@id":"https:\/\/museologiavirtual.tech\/porumasociedadeantirracista\/#\/schema\/person\/ce85d062061b13c3e1ddd35fc2b28b8d","name":"Magaldi","image":{"@type":"ImageObject","inLanguage":"pt-BR","@id":"https:\/\/secure.gravatar.com\/avatar\/7e8edc21537d5fff0c9933d55b9841c857ee09359ff4e38dbc3cdc056e5031e6?s=96&d=mm&r=g","url":"https:\/\/secure.gravatar.com\/avatar\/7e8edc21537d5fff0c9933d55b9841c857ee09359ff4e38dbc3cdc056e5031e6?s=96&d=mm&r=g","contentUrl":"https:\/\/secure.gravatar.com\/avatar\/7e8edc21537d5fff0c9933d55b9841c857ee09359ff4e38dbc3cdc056e5031e6?s=96&d=mm&r=g","caption":"Magaldi"},"sameAs":["https:\/\/museologiavirtual.tech\/porumasociedadeantirracista"],"url":"https:\/\/museologiavirtual.tech\/porumasociedadeantirracista\/?author=1"}]}},"_links":{"self":[{"href":"https:\/\/museologiavirtual.tech\/porumasociedadeantirracista\/index.php?rest_route=\/wp\/v2\/posts\/1","targetHints":{"allow":["GET"]}}],"collection":[{"href":"https:\/\/museologiavirtual.tech\/porumasociedadeantirracista\/index.php?rest_route=\/wp\/v2\/posts"}],"about":[{"href":"https:\/\/museologiavirtual.tech\/porumasociedadeantirracista\/index.php?rest_route=\/wp\/v2\/types\/post"}],"author":[{"embeddable":true,"href":"https:\/\/museologiavirtual.tech\/porumasociedadeantirracista\/index.php?rest_route=\/wp\/v2\/users\/1"}],"replies":[{"embeddable":true,"href":"https:\/\/museologiavirtual.tech\/porumasociedadeantirracista\/index.php?rest_route=%2Fwp%2Fv2%2Fcomments&post=1"}],"version-history":[{"count":3,"href":"https:\/\/museologiavirtual.tech\/porumasociedadeantirracista\/index.php?rest_route=\/wp\/v2\/posts\/1\/revisions"}],"predecessor-version":[{"id":1333,"href":"https:\/\/museologiavirtual.tech\/porumasociedadeantirracista\/index.php?rest_route=\/wp\/v2\/posts\/1\/revisions\/1333"}],"wp:featuredmedia":[{"embeddable":true,"href":"https:\/\/museologiavirtual.tech\/porumasociedadeantirracista\/index.php?rest_route=\/wp\/v2\/media\/1331"}],"wp:attachment":[{"href":"https:\/\/museologiavirtual.tech\/porumasociedadeantirracista\/index.php?rest_route=%2Fwp%2Fv2%2Fmedia&parent=1"}],"wp:term":[{"taxonomy":"category","embeddable":true,"href":"https:\/\/museologiavirtual.tech\/porumasociedadeantirracista\/index.php?rest_route=%2Fwp%2Fv2%2Fcategories&post=1"},{"taxonomy":"post_tag","embeddable":true,"href":"https:\/\/museologiavirtual.tech\/porumasociedadeantirracista\/index.php?rest_route=%2Fwp%2Fv2%2Ftags&post=1"}],"curies":[{"name":"wp","href":"https:\/\/api.w.org\/{rel}","templated":true}]}}